{"id":18527,"date":"2020-03-19T09:37:59","date_gmt":"2020-03-19T08:37:59","guid":{"rendered":"https:\/\/www.camping-erromardie.com\/non-classifiee\/fete-de-la-musique-biarritz\/"},"modified":"2025-05-26T11:12:34","modified_gmt":"2025-05-26T09:12:34","slug":"fiesta-de-la-musica","status":"publish","type":"post","link":"https:\/\/www.camping-erromardie.com\/es\/biarritz\/fiesta-de-la-musica\/","title":{"rendered":"Fiesta de la M\u00fasica en Biarritz"},"content":{"rendered":"<section id=\"ls-section-block_232f7136e150acad6df37baaac9387db\" class=\"ls-section  home-first page-one has-p-b p-b-15\" >\r\n        <div class=\"container container--wide\">\r\n        \n\n<p class=\"ls-paragraph\">Cada a\u00f1o en Francia, todas las ciudades celebran la Fiesta de la M\u00fasica, y Biarritz no es una excepci\u00f3n. Acomp\u00e1\u00f1anos a explorar la locura de los festivales de m\u00fasica en Biarritz. <\/p>\n\n\n\n<div class=\"wp-block-columns is-layout-flex wp-container-core-columns-is-layout-9d6595d7 wp-block-columns-is-layout-flex\">\n<div class=\"wp-block-column is-layout-flow wp-block-column-is-layout-flow\" style=\"flex-basis:33.33%\">\n<div class=\"wp-block-columns is-layout-flex wp-container-core-columns-is-layout-9d6595d7 wp-block-columns-is-layout-flex\">\n<div class=\"wp-block-column column-border is-layout-flow wp-block-column-is-layout-flow\">\n<h2 class=\"ls__heading wp-block-heading has-color-1-color has-text-color has-link-color wp-elements-306034839d160c0db6e6401bdf9e2d88\">Multitud de escenarios para celebrar la m\u00fasica<\/h2>\n\n\n\n<p class=\"ls-paragraph\">Biarritz volver\u00e1 a ser escenario de la Fiesta de la M\u00fasica el 21 de junio. Ser\u00e1 la 39\u00aa edici\u00f3n de la Fiesta de la M\u00fasica de Biarritz. Un acontecimiento muy esperado por los aficionados a la buena m\u00fasica. Como de costumbre, los festejos ocupar\u00e1n la mayor parte de la ciudad y el paseo mar\u00edtimo.   <br\/><br\/>Los caf\u00e9s-concierto de la ciudad se transformar\u00e1n en escenarios para artistas y grupos musicales de todas partes. Los distintos escenarios, como Les Baigneuses, Olatua y la plaza Sainte-Eug\u00e9nie, presentar\u00e1n una amplia gama de estilos musicales. <br\/><br\/>En 2019, el Parvis Sud, frente a la Grande Plage, acogi\u00f3 a los Country Roosters con su estilo \u00fanico, mezcla de blues y rock. Tambi\u00e9n actuaron aqu\u00ed los HK Groove, acompa\u00f1ados de todo su repertorio de canciones inspiradas en las grandes tendencias de la m\u00fasica contempor\u00e1nea: pop, rock y blues. <br\/><br\/>La plaza Sainte-Eug\u00e9nie, por su parte, se anim\u00f3 con el sonido de las Antillas, con Yo, le son des Antilles, un grupo que tambi\u00e9n actuar\u00e1 en el Port des P\u00eacheurs en 2019.<br\/>Mientras que en la plaza Sobradiel, en el barrio de Halles, Thomseeds se present\u00f3 en solitario con su pop indie y Les Clouds con su pop-rock cl\u00e1sico.<br\/><br\/>En el centro de la ciudad, hubo otros actos. Ttipito banda segu\u00eda tocando sus melod\u00edas de fiesta vasca, ZumbiRei, fiel al registro de batucada, la banda BokaleBrass, inspirada en las bandas de marcha de Nueva Orleans como TremeBrass Band, Dr John, y los Mardi Gras Indians tambi\u00e9n estaban all\u00ed. <\/p>\n<\/div>\n<\/div>\n<\/div>\n\n\n\n<div class=\"wp-block-column is-layout-flow wp-block-column-is-layout-flow\" style=\"flex-basis:66.66%\">\n<figure class=\"wp-block-gallery has-nested-images columns-default is-cropped wp-block-gallery-1 is-layout-flex wp-block-gallery-is-layout-flex\">\n<figure class=\"wp-block-image size-full\"><img loading=\"lazy\" decoding=\"async\" width=\"2000\" height=\"1400\" data-id=\"13181\" src=\"https:\/\/www.camping-erromardie.com\/wp-content\/uploads\/2020\/03\/fete-de-la-musique-1.jpg\" alt=\"fiesta de la m&#xFA;sica (1)\" class=\"wp-image-13181\" srcset=\"https:\/\/www.camping-erromardie.com\/wp-content\/uploads\/2020\/03\/fete-de-la-musique-1.jpg 2000w, https:\/\/www.camping-erromardie.com\/wp-content\/uploads\/2020\/03\/fete-de-la-musique-1-300x210.jpg 300w, https:\/\/www.camping-erromardie.com\/wp-content\/uploads\/2020\/03\/fete-de-la-musique-1-1024x717.jpg 1024w, https:\/\/www.camping-erromardie.com\/wp-content\/uploads\/2020\/03\/fete-de-la-musique-1-768x538.jpg 768w, https:\/\/www.camping-erromardie.com\/wp-content\/uploads\/2020\/03\/fete-de-la-musique-1-1536x1075.jpg 1536w\" sizes=\"auto, (max-width: 2000px) 100vw, 2000px\" \/><\/figure>\n\n\n\n<figure class=\"wp-block-image size-full animated fadeIn\"><a href=\"https:\/\/www.camping-erromardie.com\/wp-content\/uploads\/2020\/03\/fete-de-la-musique-4.jpg\"><img loading=\"lazy\" decoding=\"async\" width=\"2000\" height=\"1400\" data-id=\"13166\" src=\"https:\/\/www.camping-erromardie.com\/wp-content\/uploads\/2020\/03\/fete-de-la-musique-4.jpg\" alt=\"festival de m&#xFA;sica (4)\" class=\"wp-image-13166\" srcset=\"https:\/\/www.camping-erromardie.com\/wp-content\/uploads\/2020\/03\/fete-de-la-musique-4.jpg 2000w, https:\/\/www.camping-erromardie.com\/wp-content\/uploads\/2020\/03\/fete-de-la-musique-4-300x210.jpg 300w, https:\/\/www.camping-erromardie.com\/wp-content\/uploads\/2020\/03\/fete-de-la-musique-4-1024x717.jpg 1024w, https:\/\/www.camping-erromardie.com\/wp-content\/uploads\/2020\/03\/fete-de-la-musique-4-768x538.jpg 768w, https:\/\/www.camping-erromardie.com\/wp-content\/uploads\/2020\/03\/fete-de-la-musique-4-1536x1075.jpg 1536w\" sizes=\"auto, (max-width: 2000px) 100vw, 2000px\" \/><\/a><\/figure>\n<\/figure>\n<\/div>\n<\/div>\n\n\r\n    <\/div>\r\n<\/section><section id=\"ls-section-block_e4e3154404248d66d98bfee9132a1383\" class=\"ls-section  home-first page-two\" >\r\n        <div class=\"container container--wide\">\r\n        \n\n<div class=\"wp-block-columns is-layout-flex wp-container-core-columns-is-layout-9d6595d7 wp-block-columns-is-layout-flex\">\n<div class=\"wp-block-column is-layout-flow wp-block-column-is-layout-flow\" style=\"flex-basis:66.66%\">\n<figure class=\"wp-block-gallery has-nested-images columns-default is-cropped wp-block-gallery-2 is-layout-flex wp-block-gallery-is-layout-flex\">\n<figure class=\"wp-block-image size-full animated fadeIn delay-200ms\"><a href=\"https:\/\/www.camping-erromardie.com\/wp-content\/uploads\/2020\/03\/fete-de-la-musique.jpg\"><img loading=\"lazy\" decoding=\"async\" width=\"2000\" height=\"1400\" data-id=\"13186\" src=\"https:\/\/www.camping-erromardie.com\/wp-content\/uploads\/2020\/03\/fete-de-la-musique.jpg\" alt=\"festival de m&#xFA;sica\" class=\"wp-image-13186\" srcset=\"https:\/\/www.camping-erromardie.com\/wp-content\/uploads\/2020\/03\/fete-de-la-musique.jpg 2000w, https:\/\/www.camping-erromardie.com\/wp-content\/uploads\/2020\/03\/fete-de-la-musique-300x210.jpg 300w, https:\/\/www.camping-erromardie.com\/wp-content\/uploads\/2020\/03\/fete-de-la-musique-1024x717.jpg 1024w, https:\/\/www.camping-erromardie.com\/wp-content\/uploads\/2020\/03\/fete-de-la-musique-768x538.jpg 768w, https:\/\/www.camping-erromardie.com\/wp-content\/uploads\/2020\/03\/fete-de-la-musique-1536x1075.jpg 1536w\" sizes=\"auto, (max-width: 2000px) 100vw, 2000px\" \/><\/a><\/figure>\n\n\n\n<figure class=\"wp-block-image size-full animated fadeIn\"><a href=\"https:\/\/www.camping-erromardie.com\/wp-content\/uploads\/2020\/03\/fete-de-la-musique-2.jpg\"><img loading=\"lazy\" decoding=\"async\" width=\"2000\" height=\"1400\" data-id=\"13176\" src=\"https:\/\/www.camping-erromardie.com\/wp-content\/uploads\/2020\/03\/fete-de-la-musique-2.jpg\" alt=\"festival de m&#xFA;sica (2)\" class=\"wp-image-13176\" srcset=\"https:\/\/www.camping-erromardie.com\/wp-content\/uploads\/2020\/03\/fete-de-la-musique-2.jpg 2000w, https:\/\/www.camping-erromardie.com\/wp-content\/uploads\/2020\/03\/fete-de-la-musique-2-300x210.jpg 300w, https:\/\/www.camping-erromardie.com\/wp-content\/uploads\/2020\/03\/fete-de-la-musique-2-1024x717.jpg 1024w, https:\/\/www.camping-erromardie.com\/wp-content\/uploads\/2020\/03\/fete-de-la-musique-2-768x538.jpg 768w, https:\/\/www.camping-erromardie.com\/wp-content\/uploads\/2020\/03\/fete-de-la-musique-2-1536x1075.jpg 1536w\" sizes=\"auto, (max-width: 2000px) 100vw, 2000px\" \/><\/a><\/figure>\n<\/figure>\n<\/div>\n\n\n\n<div class=\"wp-block-column is-layout-flow wp-block-column-is-layout-flow\" style=\"flex-basis:33.33%\">\n<div class=\"wp-block-columns is-layout-flex wp-container-core-columns-is-layout-9d6595d7 wp-block-columns-is-layout-flex\">\n<div class=\"wp-block-column column-border is-layout-flow wp-block-column-is-layout-flow\">\n<h2 class=\"ls__heading wp-block-heading has-color-1-color has-text-color has-link-color wp-elements-68bcc8f1257b9f27728adf354143e356\">Nuevos conciertos<\/h2>\n\n\n\n<p class=\"ls-paragraph\">La Fiesta de la M\u00fasica 2020 de Biarritz promete poner a\u00fan m\u00e1s estrellas en los ojos de los amantes de la m\u00fasica que en ediciones anteriores. El programa de conciertos estar\u00e1 disponible pr\u00f3ximamente en el sitio web oficial de eventos de la ciudad de Biarritz.<br\/>Si has decidido alojarte en un camping de Biarritz o de la costa vasca, anota en tu agenda la Fiesta de la M\u00fasica del 21 de junio de 2020. <\/p>\n\n\n\n<p class=\"ls-paragraph\">No hay duda de que la Fiesta de la M\u00fasica de este a\u00f1o tiene reservadas a\u00fan m\u00e1s sorpresas. El a\u00f1o pasado, el cine Royal acogi\u00f3 una velada de cine-concierto con dos espect\u00e1culos y una proyecci\u00f3n. En la primera parte de ambos espect\u00e1culos actuaron artistas de gran talento, como Victoiria Picone al piano y voz, Zo\u00e9 Saubat al violonchelo, Mixel Hausseguy al viol\u00edn y Shue Design al v\u00eddeo. En la segunda mitad del espect\u00e1culo actuaron Fran\u00e7ois Malmy a la guitarra, Luc Marie-Sainte a la guitarra y al looper, y Karen Perez a la voz. Para el cine se eligi\u00f3 la pel\u00edcula \u00abRocketman\u00bb, un biopic sobre el cantante Elton John.<br\/>En Olatua, en el snack bar Aquarium, el ambiente era de sonidos electr\u00f3nicos mezclados con m\u00fasica disco. El colectivo Musique d&#8217;ap\u00e9ritif convoc\u00f3 al DJ de origen turco Mehmet Aslan para una sesi\u00f3n al aire libre.     <\/p>\n\n\n\n<p class=\"ls-paragraph\">Seguro que pasar\u00e1s un verano inolvidable, con conciertos especiales en Bayona, Anglet, San Juan de Luz, Bidart y Hendaya.<\/p>\n<\/div>\n<\/div>\n<\/div>\n<\/div>\n\n\r\n    <\/div>\r\n<\/section>","protected":false},"excerpt":{"rendered":"","protected":false},"author":1,"featured_media":17204,"comment_status":"closed","ping_status":"closed","sticky":false,"template":"","format":"standard","meta":{"_acf_changed":false,"_seopress_robots_primary_cat":"48","_seopress_titles_title":"Descubre el festival de m\u00fasica de Biarritz | Descubre las canciones vascas","_seopress_titles_desc":"\u00a1No te pierdas la Fiesta de la M\u00fasica en Biarritz el 21 de junio! Disfruta de una gran variedad de conciertos en varios escenarios de la ciudad, desde blues hasta rock, pasando por m\u00fasica vasca y antillana, para vivir un acontecimiento inolvidable.","_seopress_robots_index":"","footnotes":""},"categories":[146],"tags":[],"sujet":[],"class_list":["post-18527","post","type-post","status-publish","format-standard","has-post-thumbnail","hentry","category-biarritz"],"acf":[],"_links":{"self":[{"href":"https:\/\/www.camping-erromardie.com\/es\/wp-json\/wp\/v2\/posts\/18527","targetHints":{"allow":["GET"]}}],"collection":[{"href":"https:\/\/www.camping-erromardie.com\/es\/wp-json\/wp\/v2\/posts"}],"about":[{"href":"https:\/\/www.camping-erromardie.com\/es\/wp-json\/wp\/v2\/types\/post"}],"author":[{"embeddable":true,"href":"https:\/\/www.camping-erromardie.com\/es\/wp-json\/wp\/v2\/users\/1"}],"replies":[{"embeddable":true,"href":"https:\/\/www.camping-erromardie.com\/es\/wp-json\/wp\/v2\/comments?post=18527"}],"version-history":[{"count":1,"href":"https:\/\/www.camping-erromardie.com\/es\/wp-json\/wp\/v2\/posts\/18527\/revisions"}],"predecessor-version":[{"id":18529,"href":"https:\/\/www.camping-erromardie.com\/es\/wp-json\/wp\/v2\/posts\/18527\/revisions\/18529"}],"wp:featuredmedia":[{"embeddable":true,"href":"https:\/\/www.camping-erromardie.com\/es\/wp-json\/wp\/v2\/media\/17204"}],"wp:attachment":[{"href":"https:\/\/www.camping-erromardie.com\/es\/wp-json\/wp\/v2\/media?parent=18527"}],"wp:term":[{"taxonomy":"category","embeddable":true,"href":"https:\/\/www.camping-erromardie.com\/es\/wp-json\/wp\/v2\/categories?post=18527"},{"taxonomy":"post_tag","embeddable":true,"href":"https:\/\/www.camping-erromardie.com\/es\/wp-json\/wp\/v2\/tags?post=18527"},{"taxonomy":"sujet","embeddable":true,"href":"https:\/\/www.camping-erromardie.com\/es\/wp-json\/wp\/v2\/sujet?post=18527"}],"curies":[{"name":"wp","href":"https:\/\/api.w.org\/{rel}","templated":true}]}}